[{"@context":"https:\/\/schema.org\/","@type":"Article","@id":"https:\/\/www.nepo.cz\/kvetinace-na-zahrade\/#Article","mainEntityOfPage":"https:\/\/www.nepo.cz\/kvetinace-na-zahrade\/","headline":"Kv\u011btin\u00e1\u010de na zahrad\u011b","name":"Kv\u011btin\u00e1\u010de na zahrad\u011b","description":"Pokud tak\u00e9 pat\u0159\u00edte k t\u011bm milovn\u00edk\u016fm, kte\u0159\u00ed maj\u00ed r\u00e1di r\u016fzn\u00e9 dekora\u010dn\u00ed p\u0159edm\u011bty, tak v\u00edtejte u tohoto \u010dl\u00e1nku. Cht\u011bla bych se tady zab\u00fdvat hlavn\u011b dekoracemi a tak\u00e9 kv\u011btinami. M\u00e1m r\u00e1da jak such\u00e9 kv\u011btiny, tak tak\u00e9 \u017eiv\u00e9 kv\u011btiny, ale abych se p\u0159iznala, tak v zimn\u00edm obdob\u00ed d\u00e1v\u00e1m sp\u00ed\u0161e p\u0159ednost t\u011bm um\u011bl\u00fdm a su\u0161en\u00fdm kv\u011btin\u00e1m, hlavn\u011b tedy um\u011bl\u00fdm [&hellip;]","datePublished":"2023-09-25","dateModified":"2024-05-14","author":{"@type":"Person","@id":"https:\/\/www.nepo.cz\/author\/#Person","name":"","url":"https:\/\/www.nepo.cz\/author\/","identifier":1,"image":{"@type":"ImageObject","@id":"https:\/\/secure.gravatar.com\/avatar\/633c8fb9866a4b0403353760c35030d9478298d226363320d7bf91cdc3dbe3b6?s=96&d=mm&r=g","url":"https:\/\/secure.gravatar.com\/avatar\/633c8fb9866a4b0403353760c35030d9478298d226363320d7bf91cdc3dbe3b6?s=96&d=mm&r=g","height":96,"width":96}},"publisher":{"@type":"Organization","name":"nepo.cz","logo":{"@type":"ImageObject","@id":"\/logo.png","url":"\/logo.png","width":600,"height":60}},"image":{"@type":"ImageObject","@id":"https:\/\/www.nepo.cz\/wp-content\/uploads\/flower-2983361_1280.jpg","url":"https:\/\/www.nepo.cz\/wp-content\/uploads\/flower-2983361_1280.jpg","height":0,"width":0},"url":"https:\/\/www.nepo.cz\/kvetinace-na-zahrade\/","about":["Slu\u017eby"],"wordCount":437,"articleBody":"   Pokud tak\u00e9 pat\u0159\u00edte k t\u011bm milovn\u00edk\u016fm, kte\u0159\u00ed maj\u00ed r\u00e1di r\u016fzn\u00e9 dekora\u010dn\u00ed p\u0159edm\u011bty, tak v\u00edtejte u tohoto \u010dl\u00e1nku. Cht\u011bla bych se tady zab\u00fdvat hlavn\u011b dekoracemi a tak\u00e9 kv\u011btinami. M\u00e1m r\u00e1da jak such\u00e9 kv\u011btiny, tak tak\u00e9 \u017eiv\u00e9 kv\u011btiny, ale abych se p\u0159iznala, tak v zimn\u00edm obdob\u00ed d\u00e1v\u00e1m sp\u00ed\u0161e p\u0159ednost t\u011bm um\u011bl\u00fdm a su\u0161en\u00fdm kv\u011btin\u00e1m, hlavn\u011b tedy um\u011bl\u00fdm kv\u011btin\u00e1m. Proto\u017ee ty vlastn\u011b vydr\u017e\u00ed dlouho. Ale co mi vad\u00ed, tak v\u017edy kdy\u017e jsou t\u0159eba velik\u00e9 mrazy, tak mi vybledne v\u017edycky barva z n\u011bjak\u00fdch um\u011bl\u00fdch kv\u011btin. Takhle u\u017e ale b\u00fdv\u00e1, proto\u017ee i v l\u00e9t\u011b, kdy\u017e na to zase sv\u00edt\u00ed moc slunko, tak \u010derven\u00e1 barva tak\u00e9 vybledne a opravdu hodn\u011b m\u011b to mrz\u00ed. Proto jsem r\u00e1da, \u017ee jsou tak\u00e9 r\u016fzn\u00e9 kv\u011btin\u00e1\u010de, kter\u00e9 jsou pr\u00e1v\u011b odoln\u00e9 t\u0159eba do m\u00ednus deseti stup\u0148\u016f anebo tak\u00e9 odol\u00e1vaj\u00ed teplot\u011b \u010dty\u0159icet stup\u0148\u016f. A to pr\u00fd i zachov\u00e1 sv\u00e9 barvy! Tak jsem r\u00e1da, proto\u017ee takov\u00e9to kv\u011btin\u00e1\u010de pot\u0159ebuj. Proto jsem si po\u0159\u00eddila velk\u00e9 plastov\u00e9 kv\u011btin\u00e1\u010de, kter\u00e9 tohle tak\u00e9 slibovaly. A velk\u00e9 plastov\u00e9 kv\u011btin\u00e1\u010de jsem si po\u0159\u00eddila \u010dty\u0159i. Pot\u0159ebuji tam d\u00e1t sv\u016fj vzrostl\u00fd ban\u00e1n, kter\u00fd u\u017e mi v mal\u00e9m kv\u011btin\u00e1\u010di skoro odum\u00edr\u00e1, tak\u017ee jsem r\u00e1da, \u017ee alespo\u0148 mohu vyu\u017e\u00edt velk\u00e9 plastov\u00e9 kv\u011btin\u00e1\u010de ke sv\u00e9 radosti. Potom jsem si tam tak\u00e9 dala malink\u00fd smr\u010dek. Moc se mi l\u00edb\u00ed jehli\u010dnany, tak\u017ee jsem si \u0159ekla, \u017ee kdy\u017e mi potom v n\u011bjak\u00e9m velk\u00e9m plastov\u00e9m kv\u011btin\u00e1\u010di vyroste do ur\u010dit\u00e9 v\u00fd\u0161ky smr\u010dek, potom ho m\u016f\u017eu zdobit tak\u00e9 na V\u00e1noce jako v\u00e1no\u010dn\u00ed strome\u010dek. Tohle opravdu se mi l\u00edb\u00ed a alespo\u0148 takhle strome\u010dek budeme m\u00edt v\u017edycky venku. V l\u00e9t\u011b ho m\u016f\u017eu d\u00e1t ven n\u011bkam do rohu, kde bude t\u0159eba plnit r\u016fznou dekora\u010dn\u00ed funkci anebo skr\u00fd\u0161 pro pt\u00e1\u010dky a ve velk\u00e9m plastov\u00e9m kv\u011btin\u00e1\u010di se tam tak\u00e9 bude vyj\u00edmat, proto\u017ee moje d\u011bti na tyto velk\u00e9 plastov\u00e9 kv\u011btin\u00e1\u010de d\u00e1vaj\u00ed samolepky. Nebojte se, tyto kv\u011btin\u00e1\u010de jsou opravdu hodn\u011b kvalitn\u00ed a vydr\u017e\u00ed opravdu i v mrazu a tak\u00e9 ve velice hork\u00e9m podneb\u00ed.                                                                                                                                                                                                                                                                                                                                                                                          4\/5 - (11 votes)        Kv\u011btin\u00e1\u010de na zahrad\u011b"},{"@context":"https:\/\/schema.org\/","@type":"BreadcrumbList","itemListElement":[{"@type":"ListItem","position":1,"name":"Kv\u011btin\u00e1\u010de na zahrad\u011b","item":"https:\/\/www.nepo.cz\/kvetinace-na-zahrade\/#breadcrumbitem"}]}]