[{"@context":"https:\/\/schema.org\/","@type":"Article","@id":"https:\/\/www.nepo.cz\/nove-kote\/#Article","mainEntityOfPage":"https:\/\/www.nepo.cz\/nove-kote\/","headline":"Nov\u00e9 kot\u011b","name":"Nov\u00e9 kot\u011b","description":"M\u00e1te r\u00e1di zv\u00ed\u0159ata?\u00a0Mysl\u00edm, \u017ee bych si docela troufla \u0159\u00edct, \u017ee asi nezn\u00e1m mnoho lid\u00ed,\u00a0kdo\u00a0by nem\u011bl r\u00e1d zv\u00ed\u0159ata. I kdy\u017e\u00a0samoz\u0159ejm\u011b\u00a0jsou takov\u00ed lid\u00e9, kte\u0159\u00ed by\u00a0nesnesli\u00a0vedle sebe zv\u00ed\u0159e. M\u016f\u017ee b\u00fdt n\u011bkdo bohu\u017eel taky na zv\u00ed\u0159ata alergick\u00fd to je pak velmi smutn\u00e9. Zn\u00e1m toti\u017e jeden velmi\u00a0smutn\u00fd\u00a0p\u0159\u00edpad,\u00a0kter\u00fd\u00a0se stal p\u0159ed p\u011bti lety. Moje\u00a0kamar\u00e1dka\u00a0m\u00e1 dceru,\u00a0kter\u00e1\u00a0si cel\u00fd \u017eivot p\u0159\u00e1la m\u00edt ko\u010dku. Cht\u011bla ji [&hellip;]","datePublished":"2022-04-22","dateModified":"2023-05-07","author":{"@type":"Person","@id":"https:\/\/www.nepo.cz\/author\/#Person","name":"","url":"https:\/\/www.nepo.cz\/author\/","identifier":1,"image":{"@type":"ImageObject","@id":"https:\/\/secure.gravatar.com\/avatar\/633c8fb9866a4b0403353760c35030d9478298d226363320d7bf91cdc3dbe3b6?s=96&d=mm&r=g","url":"https:\/\/secure.gravatar.com\/avatar\/633c8fb9866a4b0403353760c35030d9478298d226363320d7bf91cdc3dbe3b6?s=96&d=mm&r=g","height":96,"width":96}},"publisher":{"@type":"Organization","name":"nepo.cz","logo":{"@type":"ImageObject","@id":"\/logo.png","url":"\/logo.png","width":600,"height":60}},"image":{"@type":"ImageObject","@id":"https:\/\/www.nepo.cz\/wp-content\/uploads\/pes_4.JPG","url":"https:\/\/www.nepo.cz\/wp-content\/uploads\/pes_4.JPG","height":0,"width":0},"url":"https:\/\/www.nepo.cz\/nove-kote\/","about":["Zv\u00ed\u0159ata"],"wordCount":481,"articleBody":"M\u00e1te r\u00e1di zv\u00ed\u0159ata?\u00a0Mysl\u00edm, \u017ee bych si docela troufla \u0159\u00edct, \u017ee asi nezn\u00e1m mnoho lid\u00ed,\u00a0kdo\u00a0by nem\u011bl r\u00e1d zv\u00ed\u0159ata. I kdy\u017e\u00a0samoz\u0159ejm\u011b\u00a0jsou takov\u00ed lid\u00e9, kte\u0159\u00ed by\u00a0nesnesli\u00a0vedle sebe zv\u00ed\u0159e. M\u016f\u017ee b\u00fdt n\u011bkdo bohu\u017eel taky na zv\u00ed\u0159ata alergick\u00fd to je pak velmi smutn\u00e9. Zn\u00e1m toti\u017e jeden velmi\u00a0smutn\u00fd\u00a0p\u0159\u00edpad,\u00a0kter\u00fd\u00a0se stal p\u0159ed p\u011bti lety. Moje\u00a0kamar\u00e1dka\u00a0m\u00e1 dceru,\u00a0kter\u00e1\u00a0si cel\u00fd \u017eivot p\u0159\u00e1la m\u00edt ko\u010dku. Cht\u011bla ji velmi dlouho, a tak j\u00ed jej\u00ed maminka nakonec svolila. A na inzer\u00e1t j\u00ed maminka\u00a0po\u0159\u00eddila\u00a0opravdu kr\u00e1snou ko\u010dku. Skoro jsem a\u017e z\u00e1vid\u011bla. Bylo to kr\u00e1sn\u00e9\u00a0b\u00edl\u00e9\u00a0a hodn\u011b chundelat\u00e9 ko\u0165\u00e1tko, ze kter\u00e9ho ka\u017ed\u00fd musel j\u00edt do kolen.Bylo v\u00e1\u017en\u011b\u00a0dokonal\u00e9\u00a0a m\u011b p\u0159ipom\u00ednalo jako obl\u00e1\u010dek. Nyn\u00ed jsem v\u011bd\u011bla p\u0159esn\u00fd d\u016fvod, pro\u010d lid\u00e9 miluj\u00ed zv\u00ed\u0159ata. Zv\u00ed\u0159ata v\u00e1m dok\u00e1\u017e\u00ed zvednout n\u00e1ladu a taky v\u00e1m dodaj\u00ed pozitivn\u00ed energii a celkov\u011b se v\u00e1m zlep\u0161\u00ed n\u00e1lada. J\u00e1 to v\u00edm, proto\u017ee kdy\u017e jsem se\u00a0mazlila s t\u00edm ko\u0165\u00e1tkem, tak jsme byla\u00a0v\u00e1\u017en\u011b\u00a0klidn\u011bj\u0161\u00ed. A mysl\u00edm, \u017ee tohle by mi potvrdil jist\u011b ka\u017ed\u00fd. Pak se to ale stalo.\u00a0Kamar\u00e1d\u010dina\u00a0dcera za\u010dala b\u00fdt\u00a0alergick\u00e1 na zv\u00ed\u0159ec\u00ed\u00a0srst u\u017e nesnesla b\u00fdt v jedn\u00e9 m\u00edstnosti s ko\u010dkou, kterou dostala.V\u016fbec jsme nev\u011bd\u011bli, co s t\u00edm m\u00e1me d\u011blat. Jej\u00ed dcera nev\u011bd\u011bla, co m\u00e1 d\u011blat, proto\u017ee jej\u00ed dcera se ko\u010dky vzd\u00e1t necht\u011bla, p\u0159itom ale zase byla na ni\u00a0alergick\u00e1. Mus\u00edm \u0159\u00edct, \u017ee to bylo v\u00e1\u017en\u011b moc t\u011b\u017ek\u00e9 a slo\u017eit\u00e9. M\u011b cel\u00e1 situace velmi mrzela a byla jsme z toho taky moc ne\u0161\u0165astn\u00e1. V\u00edte, jak je v\u016fbec t\u011b\u017ek\u00e9 vz\u00edt pry\u010d d\u011btsk\u00e9 obl\u00edben\u00e9 zv\u00ed\u0159e? Mysl\u00edm, \u017ee to\u00a0mus\u00ed b\u00fdt hrozn\u00e9 a srdcervouc\u00ed. Nebo v\u00e1m se nic podobn\u00e9ho nikdy nestalo? M\u011b kdysi\u00a0jednou, ale je u\u017e to za mnou a j\u00e1 jsem velmi r\u00e1da,\u00a0proto\u017ee\u00a0jsem to taky hodn\u011b\u00a0pro\u017e\u00edvala\u00a0a byla jsem z toho velmi smutn\u00e1.\u00a0Tady z toho tedy vypl\u00fdv\u00e1, \u017ee \u010dlov\u011bk si ml\u017ee na zv\u00ed\u0159eti ud\u011blat opravdu velkou citovou vazbu. A\u00a0nemus\u00ed\u00a0to b\u00fdt jen ko\u010dka. To m\u016f\u017ee b\u00fdt t\u0159eba i pes nebo k\u016f\u0148. A taky k\u0159e\u010dek nebo kr\u00e1l\u00edk.\u00a0D\u011bti\u00a0miluj\u00ed v\u0161echna\u00a0zv\u00ed\u0159ata, tak\u017ee d\u011bti si s t\u00edm\u00a0hlavu nel\u00e1mou. Dok\u00e1\u017e\u00ed milovat cokoliv, a to hodn\u011b intenzivn\u011b. D\u011bti berou\u00a0zv\u00ed\u0159ata\u00a0v\u011bt\u0161inou k sob\u011b rovn\u00e9.                                                                                                                                                                                                                                                                                                                                                                                        3.6\/5 - (7 votes)        Nov\u00e9 kot\u011b"},{"@context":"https:\/\/schema.org\/","@type":"BreadcrumbList","itemListElement":[{"@type":"ListItem","position":1,"name":"Nov\u00e9 kot\u011b","item":"https:\/\/www.nepo.cz\/nove-kote\/#breadcrumbitem"}]}]