[{"@context":"https:\/\/schema.org\/","@type":"Article","@id":"https:\/\/www.nepo.cz\/tazne-zarizeni-pro-pripojeni-privesu-a-nosice-jizdnich-kol\/#Article","mainEntityOfPage":"https:\/\/www.nepo.cz\/tazne-zarizeni-pro-pripojeni-privesu-a-nosice-jizdnich-kol\/","headline":"Ta\u017en\u00e9 za\u0159\u00edzen\u00ed pro p\u0159ipojen\u00ed p\u0159\u00edv\u011bsu a nosi\u010de j\u00edzdn\u00edch kol","name":"Ta\u017en\u00e9 za\u0159\u00edzen\u00ed pro p\u0159ipojen\u00ed p\u0159\u00edv\u011bsu a nosi\u010de j\u00edzdn\u00edch kol","description":"Ta\u017en\u00e9 za\u0159\u00edzen\u00ed neboli koule za autem je docela nen\u00e1padn\u00e1, ale velmi cenn\u00e1 pom\u016fcka, kterou nemus\u00edte tak\u0159ka po cel\u00fd rok v\u016fbec vyu\u017e\u00edt, a\u017e najednou nadejde chv\u00edle, kdy pot\u0159ebujete vyklidit byt po zem\u0159el\u00fdch prarodi\u010d\u00edch, odv\u00e9zt z bytu na sb\u011brn\u00fd dv\u016fr starou postel a sk\u0159\u00ed\u0148, zbavit se nefunk\u010dn\u00ed pra\u010dky, nakoupit s\u00e1drokartonov\u00e9 desky pro v\u00fdstavbu podkrovn\u00edho bytu, p\u0159iv\u00e9zt vzrostl\u00e9 [&hellip;]","datePublished":"2021-06-20","dateModified":"2023-05-07","author":{"@type":"Person","@id":"https:\/\/www.nepo.cz\/author\/#Person","name":"","url":"https:\/\/www.nepo.cz\/author\/","identifier":1,"image":{"@type":"ImageObject","@id":"https:\/\/secure.gravatar.com\/avatar\/633c8fb9866a4b0403353760c35030d9478298d226363320d7bf91cdc3dbe3b6?s=96&d=mm&r=g","url":"https:\/\/secure.gravatar.com\/avatar\/633c8fb9866a4b0403353760c35030d9478298d226363320d7bf91cdc3dbe3b6?s=96&d=mm&r=g","height":96,"width":96}},"publisher":{"@type":"Organization","name":"nepo.cz","logo":{"@type":"ImageObject","@id":"\/logo.png","url":"\/logo.png","width":600,"height":60}},"image":{"@type":"ImageObject","@id":"https:\/\/www.nepo.cz\/wp-content\/uploads\/p%C5%99%C3%ADv%C4%9Bsn%C3%BD%20voz%C3%ADk_10_5.jpg","url":"https:\/\/www.nepo.cz\/wp-content\/uploads\/p%C5%99%C3%ADv%C4%9Bsn%C3%BD%20voz%C3%ADk_10_5.jpg","height":0,"width":0},"url":"https:\/\/www.nepo.cz\/tazne-zarizeni-pro-pripojeni-privesu-a-nosice-jizdnich-kol\/","about":["Zbo\u017e\u00ed"],"wordCount":431,"articleBody":"      Ta\u017en\u00e9 za\u0159\u00edzen\u00ed neboli koule za autem je docela nen\u00e1padn\u00e1, ale velmi cenn\u00e1 pom\u016fcka, kterou nemus\u00edte tak\u0159ka po cel\u00fd rok v\u016fbec vyu\u017e\u00edt, a\u017e najednou nadejde chv\u00edle, kdy pot\u0159ebujete vyklidit byt po zem\u0159el\u00fdch prarodi\u010d\u00edch, odv\u00e9zt z bytu na sb\u011brn\u00fd dv\u016fr starou postel a sk\u0159\u00ed\u0148, zbavit se nefunk\u010dn\u00ed pra\u010dky, nakoupit s\u00e1drokartonov\u00e9 desky pro v\u00fdstavbu podkrovn\u00edho bytu, p\u0159iv\u00e9zt vzrostl\u00e9 t\u00faje na \u017eiv\u00fd plot a mohli bychom pokra\u010dovat ve v\u00fd\u010dtu situac\u00ed, kter\u00e9 se v \u017eivot\u011b vyskytuj\u00ed docela b\u011b\u017en\u011b.V\u00edte, \u017ee ta\u017en\u00e9 za\u0159\u00edzen\u00ed m\u016f\u017ee v\u00e9zt j\u00edzdn\u00ed kola na speci\u00e1ln\u00edm nosi\u010di? Mohou to b\u00fdt i elektrokola, v z\u00e1sad\u011b nez\u00e1le\u017e\u00ed na jejich velikosti a typu, na jeden nosi\u010d se vejdou a\u017e \u010dty\u0159i kola, omezeni jste pouze nosnost\u00ed ta\u017en\u00e9ho za\u0159\u00edzen\u00ed resp. povolenou z\u00e1t\u011b\u017e\u00ed na kulov\u00fd \u010dep. \u010c\u00edm se vyzna\u010duje takov\u00fd nosi\u010d a pro\u010d o n\u011bj roste mezi majiteli a provozovateli vozidel z\u00e1jem?Jednodu\u0161e je nasad\u00ed i \u017eena \u2013 pravda, n\u011bkter\u00e9 \u017eeny by mohly konkurovat z\u00e1pasn\u00edk\u016fm svou silou a vitalitou, ov\u0161em pokud zrovna vy nebo \u017eena z okruhu va\u0161ich bl\u00edzk\u00fdch nedisponuje dostate\u010dn\u00fdm svalov\u00fdm fondem, m\u016f\u017ee j\u00ed d\u011blat zna\u010dn\u00e9 pot\u00ed\u017ee um\u00edstit horsk\u00e9 kolo na st\u0159e\u0161n\u00ed nosi\u010d. U nosi\u010de na ta\u017en\u00e9 za\u0159\u00edzen\u00ed se kola zvedaj\u00ed jen kousek od zem\u011b a hlavn\u011b v\u00e1m p\u0159i tom nemohou spadnout na st\u0159echu.Nebude to s v\u00e1mi m\u00e1vat na silnici \u2013 kola na st\u0159e\u0161e zvy\u0161uj\u00ed t\u011b\u017ei\u0161t\u011b cel\u00e9 soupravy a to se m\u016f\u017ee projevit p\u0159i v\u011btrn\u00fdch poryvech a p\u0159i vy\u0161\u0161\u00edch rychlostech nap\u0159. na d\u00e1lnici. M\u016f\u017ee v\u00e1m to p\u011bkn\u011b znep\u0159\u00edjemnit j\u00edzdu a hlavn\u011b na kola na st\u0159e\u0161e nen\u00ed vid\u011bt, tak\u017ee budete nerv\u00f3zn\u00ed a \u010dast\u011bji zastavovat a podrobovat jejich upevn\u011bn\u00ed \u010dast\u011bj\u0161\u00ed kontrole. Na kola um\u00edst\u011bn\u00e1 vzadu na \u201ekouli\u201c po celou dobu j\u00edzdy vid\u00edte ve zp\u011btn\u00e9m zrc\u00e1tku, va\u0161e j\u00edzda bude klidn\u011bj\u0161\u00ed u\u017e jen z psychologick\u00e9ho hlediska. Z\u00e1rove\u0148 ne\u0159e\u0161\u00edte \u017e\u00e1dn\u00e9 viadukty a podjezdy, v\u00fd\u0161ka vozidla se nem\u011bn\u00ed, pouze mus\u00edte po\u010d\u00edtat, \u017ee se zhruba o metr prodlou\u017e\u00ed d\u00e9lka vozidla.                                                                                                                                                                                                                                                                                                                                                                                          4.2\/5 - (10 votes)        Ta\u017en\u00e9 za\u0159\u00edzen\u00ed pro p\u0159ipojen\u00ed p\u0159\u00edv\u011bsu a nosi\u010de j\u00edzdn\u00edch kol"},{"@context":"https:\/\/schema.org\/","@type":"BreadcrumbList","itemListElement":[{"@type":"ListItem","position":1,"name":"Ta\u017en\u00e9 za\u0159\u00edzen\u00ed pro p\u0159ipojen\u00ed p\u0159\u00edv\u011bsu a nosi\u010de j\u00edzdn\u00edch kol","item":"https:\/\/www.nepo.cz\/tazne-zarizeni-pro-pripojeni-privesu-a-nosice-jizdnich-kol\/#breadcrumbitem"}]}]