[{"@context":"https:\/\/schema.org\/","@type":"Article","@id":"https:\/\/www.nepo.cz\/uz-vas-nebavi-problemy-se-skvrnami\/#Article","mainEntityOfPage":"https:\/\/www.nepo.cz\/uz-vas-nebavi-problemy-se-skvrnami\/","headline":"U\u017e v\u00e1s nebav\u00ed probl\u00e9my se skvrnami?","name":"U\u017e v\u00e1s nebav\u00ed probl\u00e9my se skvrnami?","description":"Op\u011bt jste nalezla dal\u0161\u00ed skvrnu na Va\u0161em ned\u00e1vno nov\u00e9m, nebo i star\u0161\u00edm koberci, kter\u00e1 nejde odstranit? M\u00e1te mal\u00e9 d\u011bti a mus\u00edte zv\u00fd\u0161it \u00fadr\u017ebu v\u0161ech krytin? Po\u010d\u00edt\u00e1te u\u017e dlouho dop\u0159edu \u00fa\u010det za profesion\u00e1ln\u00ed tepov\u00e1n\u00ed, \u010di\u0161t\u011bn\u00ed \u010di op\u011btovnou koupi nov\u00e9ho koberce? A co takhle t\u0159eba modern\u00ed plovouc\u00ed podlahy? Klidn\u011b do ka\u017ed\u00e9 m\u00edstnosti! Parketov\u00e1, um\u011bl\u00e1 imitace \u010di d\u0159ev\u011bn\u00e1? [&hellip;]","datePublished":"2025-02-23","dateModified":"2025-02-23","author":{"@type":"Person","@id":"https:\/\/www.nepo.cz\/author\/#Person","name":"","url":"https:\/\/www.nepo.cz\/author\/","identifier":1,"image":{"@type":"ImageObject","@id":"https:\/\/secure.gravatar.com\/avatar\/633c8fb9866a4b0403353760c35030d9478298d226363320d7bf91cdc3dbe3b6?s=96&d=mm&r=g","url":"https:\/\/secure.gravatar.com\/avatar\/633c8fb9866a4b0403353760c35030d9478298d226363320d7bf91cdc3dbe3b6?s=96&d=mm&r=g","height":96,"width":96}},"publisher":{"@type":"Organization","name":"nepo.cz","logo":{"@type":"ImageObject","@id":"\/logo.png","url":"\/logo.png","width":600,"height":60}},"url":"https:\/\/www.nepo.cz\/uz-vas-nebavi-problemy-se-skvrnami\/","wordCount":172,"articleBody":"Op\u011bt jste nalezla dal\u0161\u00ed skvrnu na Va\u0161em ned\u00e1vno nov\u00e9m, nebo i star\u0161\u00edm koberci, kter\u00e1 nejde odstranit? M\u00e1te mal\u00e9 d\u011bti a mus\u00edte zv\u00fd\u0161it \u00fadr\u017ebu v\u0161ech krytin? Po\u010d\u00edt\u00e1te u\u017e dlouho dop\u0159edu \u00fa\u010det za profesion\u00e1ln\u00ed tepov\u00e1n\u00ed, \u010di\u0161t\u011bn\u00ed \u010di op\u011btovnou koupi nov\u00e9ho koberce? A co takhle t\u0159eba modern\u00ed plovouc\u00ed podlahy? Klidn\u011b do ka\u017ed\u00e9 m\u00edstnosti! Parketov\u00e1, um\u011bl\u00e1 imitace \u010di d\u0159ev\u011bn\u00e1? Na trhu jsou ji\u017e des\u00edtky, ne\u0159ku-li stovky typ\u016f, co se t\u00fd\u010de materi\u00e1lu a barevn\u00e9ho proveden\u00ed. M\u016f\u017eete si zakoupit zcela hladkou i se vzorem d\u0159ev\u011bn\u00fdch let, \u0161irok\u00e1 prkna nebo efekt poskl\u00e1dan\u00fdch \u00fazk\u00fdch prou\u017ek\u016f. A pro opravdu n\u00e1ro\u010dn\u00e9 z\u00e1kazn\u00edky je zde t\u0159eba odv\u00e1\u017en\u00e9 barevn\u00e9 \u017e\u00edh\u00e1n\u00ed pastelov\u00fdmi odst\u00edny nebo t\u0159eba \u201eV\u201c dr\u00e1\u017eka, kter\u00e1 dod\u00e1 podlaze n\u00e1dech parket na\u0161ich babi\u010dek.                                                                                                                                                                                                                                                                                                                                                                                                U\u017e v\u00e1s nebav\u00ed probl\u00e9my se skvrnami?"},{"@context":"https:\/\/schema.org\/","@type":"BreadcrumbList","itemListElement":[{"@type":"ListItem","position":1,"name":"U\u017e v\u00e1s nebav\u00ed probl\u00e9my se skvrnami?","item":"https:\/\/www.nepo.cz\/uz-vas-nebavi-problemy-se-skvrnami\/#breadcrumbitem"}]}]